{"id":5305,"date":"2026-09-04T14:10:15","date_gmt":"2026-09-04T14:10:15","guid":{"rendered":"https:\/\/ple117.poznan.pl\/?p=5305"},"modified":"2026-09-04T14:12:12","modified_gmt":"2026-09-04T14:12:12","slug":"zebranie-z-rodzicami-2","status":"publish","type":"post","link":"https:\/\/ple117.poznan.pl\/?p=5305","title":{"rendered":"ZEBRANIE Z RODZICAMI"},"content":{"rendered":"\n<p><strong>Drodzy Rodzice,<\/strong><\/p>\n\n\n\n<p> Serdecznie zapraszamy na <strong>zebranie organizacyjne rozpoczynaj\u0105ce rok szkolny 2026\/2027<\/strong>, kt\u00f3re odb\u0119dzie si\u0119 <strong>w czwartek, <\/strong><\/p>\n\n\n\n<p><strong>10 wrze\u015bnia o godz. 17:00<\/strong>.<\/p>\n\n\n\n<p> Podczas spotkania om\u00f3wimy najwa\u017cniejsze sprawy organizacyjne dotycz\u0105ce nowego roku szkolnego oraz nasze plany i zamierzenia na najbli\u017csze miesi\u0105ce.<\/p>\n\n\n\n<p><strong>Do zobaczenia! \ud83d\ude0a<\/strong><\/p>\n\n\n<div class=\"wp-block-image\">\n<figure class=\"aligncenter size-large\"><img fetchpriority=\"high\" decoding=\"async\" width=\"723\" height=\"1024\" src=\"https:\/\/ple117.poznan.pl\/wp-content\/uploads\/2026\/09\/41063-1-723x1024.png\" alt=\"\" class=\"wp-image-5306\" srcset=\"https:\/\/ple117.poznan.pl\/wp-content\/uploads\/2026\/09\/41063-1-723x1024.png 723w, https:\/\/ple117.poznan.pl\/wp-content\/uploads\/2026\/09\/41063-1-212x300.png 212w, https:\/\/ple117.poznan.pl\/wp-content\/uploads\/2026\/09\/41063-1-768x1087.png 768w, https:\/\/ple117.poznan.pl\/wp-content\/uploads\/2026\/09\/41063-1.png 1054w\" sizes=\"(max-width: 723px) 100vw, 723px\" \/><\/figure><\/div>","protected":false},"excerpt":{"rendered":"<p>Drodzy Rodzice, Serdecznie zapraszamy na zebranie organizacyjne rozpoczynaj\u0105ce rok szkolny 2026\/2027, kt\u00f3re odb\u0119dzie si\u0119 w czwartek, 10 wrze\u015bnia o godz. 17:00. Podczas spotkania om\u00f3wimy najwa\u017cniejsze sprawy organizacyjne dotycz\u0105ce nowego roku szkolnego oraz nasze plany i zamierzenia na najbli\u017csze miesi\u0105ce. Do zobaczenia! \ud83d\ude0a<\/p>\n","protected":false},"author":2,"featured_media":5304,"comment_status":"open","ping_status":"open","sticky":false,"template":"","format":"standard","meta":{"footnotes":""},"categories":[1],"tags":[],"_links":{"self":[{"href":"https:\/\/ple117.poznan.pl\/index.php?rest_route=\/wp\/v2\/posts\/5305"}],"collection":[{"href":"https:\/\/ple117.poznan.pl\/index.php?rest_route=\/wp\/v2\/posts"}],"about":[{"href":"https:\/\/ple117.poznan.pl\/index.php?rest_route=\/wp\/v2\/types\/post"}],"author":[{"embeddable":true,"href":"https:\/\/ple117.poznan.pl\/index.php?rest_route=\/wp\/v2\/users\/2"}],"replies":[{"embeddable":true,"href":"https:\/\/ple117.poznan.pl\/index.php?rest_route=%2Fwp%2Fv2%2Fcomments&post=5305"}],"version-history":[{"count":2,"href":"https:\/\/ple117.poznan.pl\/index.php?rest_route=\/wp\/v2\/posts\/5305\/revisions"}],"predecessor-version":[{"id":5308,"href":"https:\/\/ple117.poznan.pl\/index.php?rest_route=\/wp\/v2\/posts\/5305\/revisions\/5308"}],"wp:featuredmedia":[{"embeddable":true,"href":"https:\/\/ple117.poznan.pl\/index.php?rest_route=\/wp\/v2\/media\/5304"}],"wp:attachment":[{"href":"https:\/\/ple117.poznan.pl\/index.php?rest_route=%2Fwp%2Fv2%2Fmedia&parent=5305"}],"wp:term":[{"taxonomy":"category","embeddable":true,"href":"https:\/\/ple117.poznan.pl\/index.php?rest_route=%2Fwp%2Fv2%2Fcategories&post=5305"},{"taxonomy":"post_tag","embeddable":true,"href":"https:\/\/ple117.poznan.pl\/index.php?rest_route=%2Fwp%2Fv2%2Ftags&post=5305"}],"curies":[{"name":"wp","href":"https:\/\/api.w.org\/{rel}","templated":true}]}}