{"id":5091,"date":"2026-04-28T08:57:02","date_gmt":"2026-04-28T08:57:02","guid":{"rendered":"https:\/\/ple117.poznan.pl\/?p=5091"},"modified":"2026-04-28T08:57:02","modified_gmt":"2026-04-28T08:57:02","slug":"%f0%9f%8c%9f-projekt-poruszajace-bajki-o-emocjach-28-kwietnia-godz-17-00","status":"publish","type":"post","link":"https:\/\/ple117.poznan.pl\/?p=5091","title":{"rendered":"\ud83c\udf1f Projekt \u201ePoruszaj\u0105ce Bajki o Emocjach\u201d        28 kwietnia, godz. 17.00"},"content":{"rendered":"\n<p><\/p>\n\n\n\n<p>W naszym przedszkolu realizujemy program profilaktyczny <strong>\u201ePoruszaj\u0105ce Bajki o Emocjach\u201d<\/strong>, prowadzony przez <strong>Centrum Dzia\u0142a\u0144 Profilaktycznych<\/strong>.<\/p>\n\n\n\n<p>To warto\u015bciowy projekt wspieraj\u0105cy rozw\u00f3j emocjonalny dzieci poprzez bajki terapeutyczne, zabaw\u0119 i dzia\u0142ania warsztatowe.<\/p>\n\n\n\n<hr class=\"wp-block-separator has-alpha-channel-opacity\"\/>\n\n\n\n<h3 class=\"wp-block-heading\">\ud83d\udc67\ud83d\udc66 Co robi\u0105 dzieci?<\/h3>\n\n\n\n<p>Podczas zaj\u0119\u0107 dzieci:<\/p>\n\n\n\n<ul>\n<li>poznaj\u0105 r\u00f3\u017cne emocje (rado\u015b\u0107, smutek, z\u0142o\u015b\u0107, strach),<\/li>\n\n\n\n<li>ucz\u0105 si\u0119 je rozpoznawa\u0107 i nazywa\u0107,<\/li>\n\n\n\n<li>rozwijaj\u0105 empati\u0119 i umiej\u0119tno\u015bci spo\u0142eczne,<\/li>\n\n\n\n<li>zdobywaj\u0105 sposoby radzenia sobie w trudnych sytuacjach.<\/li>\n<\/ul>\n\n\n\n<p>Zaj\u0119cia maj\u0105 form\u0119 anga\u017cuj\u0105cych warsztat\u00f3w \u2013 z elementami ruchu, muzyki i tw\u00f3rczej aktywno\u015bci.<\/p>\n\n\n\n<hr class=\"wp-block-separator has-alpha-channel-opacity\"\/>\n\n\n\n<h3 class=\"wp-block-heading\">\ud83d\udc68\u200d\ud83d\udc69\u200d\ud83d\udc67\u200d\ud83d\udc66 Szkolenie dla rodzic\u00f3w i nauczycieli<\/h3>\n\n\n\n<p>W ramach projektu zapraszamy na szkolenie:<\/p>\n\n\n\n<p>\ud83d\udcc5 <strong>28 kwietnia<\/strong><br>\ud83d\udd54 <strong>godzina 17:00<\/strong><\/p>\n\n\n\n<p>Podczas spotkania:<\/p>\n\n\n\n<ul>\n<li>przedstawimy za\u0142o\u017cenia programu,<\/li>\n\n\n\n<li>poka\u017cemy, jak wykorzystywa\u0107 bajki terapeutyczne w domu i w pracy,<\/li>\n\n\n\n<li>podzielimy si\u0119 praktycznymi wskaz\u00f3wkami do wspierania dzieci.<\/li>\n<\/ul>\n\n\n\n<hr class=\"wp-block-separator has-alpha-channel-opacity\"\/>\n\n\n\n<h3 class=\"wp-block-heading\">\ud83d\udc9b Zapraszamy!<\/h3>\n\n\n\n<p>Wsp\u00f3lnie mo\u017cemy jeszcze lepiej wspiera\u0107 dzieci w rozwoju emocjonalnym i budowa\u0107 ich poczucie bezpiecze\u0144stwa.<\/p>\n\n\n\n<p>Serdecznie zapraszamy do udzia\u0142u!<\/p>\n","protected":false},"excerpt":{"rendered":"<p>W naszym przedszkolu realizujemy program profilaktyczny \u201ePoruszaj\u0105ce Bajki o Emocjach\u201d, prowadzony przez Centrum Dzia\u0142a\u0144 Profilaktycznych. To warto\u015bciowy projekt wspieraj\u0105cy rozw\u00f3j emocjonalny dzieci poprzez bajki terapeutyczne, zabaw\u0119 i dzia\u0142ania warsztatowe. \ud83d\udc67\ud83d\udc66 Co robi\u0105 dzieci? Podczas zaj\u0119\u0107 dzieci: Zaj\u0119cia maj\u0105 form\u0119 anga\u017cuj\u0105cych warsztat\u00f3w \u2013 z elementami ruchu, muzyki i tw\u00f3rczej aktywno\u015bci. \ud83d\udc68\u200d\ud83d\udc69\u200d\ud83d\udc67\u200d\ud83d\udc66 Szkolenie dla rodzic\u00f3w i nauczycieli [&hellip;]<\/p>\n","protected":false},"author":2,"featured_media":5092,"comment_status":"open","ping_status":"open","sticky":false,"template":"","format":"standard","meta":{"footnotes":""},"categories":[1],"tags":[],"_links":{"self":[{"href":"https:\/\/ple117.poznan.pl\/index.php?rest_route=\/wp\/v2\/posts\/5091"}],"collection":[{"href":"https:\/\/ple117.poznan.pl\/index.php?rest_route=\/wp\/v2\/posts"}],"about":[{"href":"https:\/\/ple117.poznan.pl\/index.php?rest_route=\/wp\/v2\/types\/post"}],"author":[{"embeddable":true,"href":"https:\/\/ple117.poznan.pl\/index.php?rest_route=\/wp\/v2\/users\/2"}],"replies":[{"embeddable":true,"href":"https:\/\/ple117.poznan.pl\/index.php?rest_route=%2Fwp%2Fv2%2Fcomments&post=5091"}],"version-history":[{"count":1,"href":"https:\/\/ple117.poznan.pl\/index.php?rest_route=\/wp\/v2\/posts\/5091\/revisions"}],"predecessor-version":[{"id":5093,"href":"https:\/\/ple117.poznan.pl\/index.php?rest_route=\/wp\/v2\/posts\/5091\/revisions\/5093"}],"wp:featuredmedia":[{"embeddable":true,"href":"https:\/\/ple117.poznan.pl\/index.php?rest_route=\/wp\/v2\/media\/5092"}],"wp:attachment":[{"href":"https:\/\/ple117.poznan.pl\/index.php?rest_route=%2Fwp%2Fv2%2Fmedia&parent=5091"}],"wp:term":[{"taxonomy":"category","embeddable":true,"href":"https:\/\/ple117.poznan.pl\/index.php?rest_route=%2Fwp%2Fv2%2Fcategories&post=5091"},{"taxonomy":"post_tag","embeddable":true,"href":"https:\/\/ple117.poznan.pl\/index.php?rest_route=%2Fwp%2Fv2%2Ftags&post=5091"}],"curies":[{"name":"wp","href":"https:\/\/api.w.org\/{rel}","templated":true}]}}