{"id":4271,"date":"2025-06-06T09:44:49","date_gmt":"2025-06-06T09:44:49","guid":{"rendered":"https:\/\/ple117.poznan.pl\/?p=4271"},"modified":"2025-06-10T12:26:42","modified_gmt":"2025-06-10T12:26:42","slug":"%f0%9f%9a%8c-wycieczka-do-lekna-11-i-12-czerwca","status":"publish","type":"post","link":"https:\/\/ple117.poznan.pl\/?p=4271","title":{"rendered":"\ud83d\ude8c Wycieczka do \u0141\u0119kna \u2013 11 i 12 czerwca"},"content":{"rendered":"\n<h2 class=\"wp-block-heading\">Drodzy Rodzice,<\/h2>\n\n\n\n<p> Z rado\u015bci\u0105 informujemy, \u017ce w dniach <strong>11 i 12 czerwca<\/strong> nasze przedszkolaki wezm\u0105 udzia\u0142 w <strong>wycieczce autokarowej do \u0141\u0119kna<\/strong>, organizowanej we wsp\u00f3\u0142pracy z <strong>Nadle\u015bnictwem Babki &#8211; Zaniemy\u015bl<\/strong>.<\/p>\n\n\n\n<p> Celem wyjazdu jest poznanie przyrody poprzez udzia\u0142 w <strong>spacerze edukacyjnym \u015bcie\u017ck\u0105 przyrodniczo-dydaktyczn\u0105<\/strong> oraz odwiedzenie <strong>wigwamu<\/strong> \u2013 miejsca spotka\u0144 i zaj\u0119\u0107 terenowych dla dzieci.<\/p>\n\n\n\n<h3 class=\"wp-block-heading\">\ud83d\udcc5 Terminy wyjazdu:<\/h3>\n\n\n\n<ul>\n<li><strong>11 czerwca (\u015broda):<\/strong> grupy <strong>Biedronki<\/strong> i <strong>\u015awierszcze<\/strong><\/li>\n\n\n\n<li><strong>12 czerwca (czwartek):<\/strong> grupy <strong>Motyle<\/strong> i <strong>B\u0105ki<\/strong><\/li>\n<\/ul>\n\n\n\n<h3 class=\"wp-block-heading\">\ud83d\udd58 Plan dnia:<\/h3>\n\n\n\n<ul>\n<li><strong>\u015aniadanie:<\/strong> wyj\u0105tkowo wcze\u015bniej \u2013 od godz. <strong>8:00<\/strong><\/li>\n\n\n\n<li><strong>Wyjazd autokarem:<\/strong> godz. <strong>9:00<\/strong> (wyj\u015bcie z przedszkola ok. 8:45)<\/li>\n\n\n\n<li><strong>Powr\u00f3t do przedszkola:<\/strong> oko\u0142o godz. <strong>14:30\u201315:00<\/strong> (obiad dzieci jedz\u0105 na miejscu, w nadle\u015bnictwie)<\/li>\n<\/ul>\n\n\n\n<h3 class=\"wp-block-heading\">\ud83e\uddfa Prosimy, aby dzieci by\u0142y przygotowane:<\/h3>\n\n\n\n<ul>\n<li>Wygodny str\u00f3j i buty odpowiednie do spaceru po lesie (lepsze d\u0142ugie spodnie, chroni\u0105ce przed komarami i kleszczami)<\/li>\n\n\n\n<li>Czapka z daszkiem<\/li>\n\n\n\n<li>Plecaczki z prowiantem nie b\u0119d\u0105 potrzebne, poniewa\u017c wszystko b\u0119dzie zapewnione na miejscu<\/li>\n<\/ul>\n\n\n\n<p><\/p>\n\n\n\n<p>Wycieczka odb\u0119dzie si\u0119 w otoczeniu pi\u0119knej przyrody \u2013 dzieci b\u0119d\u0105 mia\u0142y okazj\u0119 obserwowa\u0107 las z bliska, dowiedzie\u0107 si\u0119 wielu ciekawostek o faunie i florze oraz sp\u0119dzi\u0107 czas na \u015bwie\u017cym powietrzu na terenie bezpiecznego, ogrodzonego placu.<\/p>\n\n\n\n<p>Serdecznie dzi\u0119kujemy za wsp\u00f3\u0142prac\u0119 i punktualne przyprowadzenie dzieci w dniach wycieczki!<\/p>\n","protected":false},"excerpt":{"rendered":"<p>Drodzy Rodzice, Z rado\u015bci\u0105 informujemy, \u017ce w dniach 11 i 12 czerwca nasze przedszkolaki wezm\u0105 udzia\u0142 w wycieczce autokarowej do \u0141\u0119kna, organizowanej we wsp\u00f3\u0142pracy z Nadle\u015bnictwem Babki &#8211; Zaniemy\u015bl. Celem wyjazdu jest poznanie przyrody poprzez udzia\u0142 w spacerze edukacyjnym \u015bcie\u017ck\u0105 przyrodniczo-dydaktyczn\u0105 oraz odwiedzenie wigwamu \u2013 miejsca spotka\u0144 i zaj\u0119\u0107 terenowych dla dzieci. \ud83d\udcc5 Terminy wyjazdu: [&hellip;]<\/p>\n","protected":false},"author":2,"featured_media":4272,"comment_status":"open","ping_status":"open","sticky":false,"template":"","format":"standard","meta":{"footnotes":""},"categories":[1],"tags":[],"_links":{"self":[{"href":"https:\/\/ple117.poznan.pl\/index.php?rest_route=\/wp\/v2\/posts\/4271"}],"collection":[{"href":"https:\/\/ple117.poznan.pl\/index.php?rest_route=\/wp\/v2\/posts"}],"about":[{"href":"https:\/\/ple117.poznan.pl\/index.php?rest_route=\/wp\/v2\/types\/post"}],"author":[{"embeddable":true,"href":"https:\/\/ple117.poznan.pl\/index.php?rest_route=\/wp\/v2\/users\/2"}],"replies":[{"embeddable":true,"href":"https:\/\/ple117.poznan.pl\/index.php?rest_route=%2Fwp%2Fv2%2Fcomments&post=4271"}],"version-history":[{"count":6,"href":"https:\/\/ple117.poznan.pl\/index.php?rest_route=\/wp\/v2\/posts\/4271\/revisions"}],"predecessor-version":[{"id":4291,"href":"https:\/\/ple117.poznan.pl\/index.php?rest_route=\/wp\/v2\/posts\/4271\/revisions\/4291"}],"wp:featuredmedia":[{"embeddable":true,"href":"https:\/\/ple117.poznan.pl\/index.php?rest_route=\/wp\/v2\/media\/4272"}],"wp:attachment":[{"href":"https:\/\/ple117.poznan.pl\/index.php?rest_route=%2Fwp%2Fv2%2Fmedia&parent=4271"}],"wp:term":[{"taxonomy":"category","embeddable":true,"href":"https:\/\/ple117.poznan.pl\/index.php?rest_route=%2Fwp%2Fv2%2Fcategories&post=4271"},{"taxonomy":"post_tag","embeddable":true,"href":"https:\/\/ple117.poznan.pl\/index.php?rest_route=%2Fwp%2Fv2%2Ftags&post=4271"}],"curies":[{"name":"wp","href":"https:\/\/api.w.org\/{rel}","templated":true}]}}