{"id":4247,"date":"2025-06-23T10:36:00","date_gmt":"2025-06-23T10:36:00","guid":{"rendered":"https:\/\/ple117.poznan.pl\/?p=4247"},"modified":"2025-06-23T10:53:43","modified_gmt":"2025-06-23T10:53:43","slug":"zebranie-organizacyjne-w-grupie-baki","status":"publish","type":"post","link":"https:\/\/ple117.poznan.pl\/?p=4247","title":{"rendered":"Spotkanie z rodzicami przysz\u0142ych przedszkolak\u00f3w"},"content":{"rendered":"\n<hr class=\"wp-block-separator has-alpha-channel-opacity\"\/>\n\n\n\n<p><strong>Zaproszenie na zebranie organizacyjne<\/strong> dla rodzic\u00f3w dzieci, kt\u00f3re 1 wrze\u015bnia rozpoczn\u0105 przygod\u0119 z naszym przedszkolem w grupie Motylk\u00f3w, utworzonej dla najm\u0142odszych dzieci. Prosimy o przybycie bez dzieci.<br> <\/p>\n\n\n\n<p> Szanowni Pa\u0144stwo,<br> serdecznie zapraszamy na <strong>zebranie organizacyjne<\/strong> dotycz\u0105ce roku szkolnego <strong>2025\/2026<\/strong>, kt\u00f3re odb\u0119dzie si\u0119 w czwartek <strong> 26 czerwca 2025 r. o godz. 15:00<\/strong> w sali grupy <strong>\u201eMotylki\u201d<\/strong><\/p>\n\n\n\n<p>Podczas spotkania om\u00f3wimy najwa\u017cniejsze informacje dotycz\u0105ce organizacji pracy grupy, planowanych dzia\u0142a\u0144 oraz przygotowa\u0144 do nowego roku szkolnego.<\/p>\n\n\n\n<p><strong>Obecno\u015b\u0107 jednego z rodzic\u00f3w\/opiekun\u00f3w obowi\u0105zkowa.<\/strong> Prosimy przyby\u0107 bez dzieci.<\/p>\n\n\n\n<p>Do zobaczenia!<br><strong>Dyrektor Przedszkola, Psycholog oraz Nauczycielki przysz\u0142ej grupy \u201eMotylki\u201d<\/strong><\/p>\n","protected":false},"excerpt":{"rendered":"<p>Zaproszenie na zebranie organizacyjne dla rodzic\u00f3w dzieci, kt\u00f3re 1 wrze\u015bnia rozpoczn\u0105 przygod\u0119 z naszym przedszkolem w grupie Motylk\u00f3w, utworzonej dla najm\u0142odszych dzieci. Prosimy o przybycie bez dzieci. Szanowni Pa\u0144stwo, serdecznie zapraszamy na zebranie organizacyjne dotycz\u0105ce roku szkolnego 2025\/2026, kt\u00f3re odb\u0119dzie si\u0119 w czwartek 26 czerwca 2025 r. o godz. 15:00 w sali grupy \u201eMotylki\u201d Podczas [&hellip;]<\/p>\n","protected":false},"author":2,"featured_media":4248,"comment_status":"open","ping_status":"open","sticky":false,"template":"","format":"standard","meta":{"footnotes":""},"categories":[1],"tags":[],"_links":{"self":[{"href":"https:\/\/ple117.poznan.pl\/index.php?rest_route=\/wp\/v2\/posts\/4247"}],"collection":[{"href":"https:\/\/ple117.poznan.pl\/index.php?rest_route=\/wp\/v2\/posts"}],"about":[{"href":"https:\/\/ple117.poznan.pl\/index.php?rest_route=\/wp\/v2\/types\/post"}],"author":[{"embeddable":true,"href":"https:\/\/ple117.poznan.pl\/index.php?rest_route=\/wp\/v2\/users\/2"}],"replies":[{"embeddable":true,"href":"https:\/\/ple117.poznan.pl\/index.php?rest_route=%2Fwp%2Fv2%2Fcomments&post=4247"}],"version-history":[{"count":5,"href":"https:\/\/ple117.poznan.pl\/index.php?rest_route=\/wp\/v2\/posts\/4247\/revisions"}],"predecessor-version":[{"id":4314,"href":"https:\/\/ple117.poznan.pl\/index.php?rest_route=\/wp\/v2\/posts\/4247\/revisions\/4314"}],"wp:featuredmedia":[{"embeddable":true,"href":"https:\/\/ple117.poznan.pl\/index.php?rest_route=\/wp\/v2\/media\/4248"}],"wp:attachment":[{"href":"https:\/\/ple117.poznan.pl\/index.php?rest_route=%2Fwp%2Fv2%2Fmedia&parent=4247"}],"wp:term":[{"taxonomy":"category","embeddable":true,"href":"https:\/\/ple117.poznan.pl\/index.php?rest_route=%2Fwp%2Fv2%2Fcategories&post=4247"},{"taxonomy":"post_tag","embeddable":true,"href":"https:\/\/ple117.poznan.pl\/index.php?rest_route=%2Fwp%2Fv2%2Ftags&post=4247"}],"curies":[{"name":"wp","href":"https:\/\/api.w.org\/{rel}","templated":true}]}}